{"id":1,"date":"2024-07-10T15:31:51","date_gmt":"2024-07-10T13:31:51","guid":{"rendered":"https:\/\/fondationaidaracherif.org\/?p=1"},"modified":"2024-07-10T17:25:32","modified_gmt":"2024-07-10T15:25:32","slug":"bonjour-tout-le-monde","status":"publish","type":"post","link":"https:\/\/fondationaidaracherif.org\/?p=1","title":{"rendered":"Le site de la fondation A\u00efdara Cherif est de retour"},"content":{"rendered":"\n<p>Bienvenue sur le site de la Fondation A\u00efdara Cherif qui est une structure d&rsquo;aide et de d\u00e9veloppement en Afrique, bas\u00e9e \u00e0 Dakar, S\u00e9n\u00e9gal. Nos projets humanitaires s&rsquo;\u00e9tendent sur plusieurs pays depuis plus de 26 ans.<\/p>\n\n\n\n<h2 class=\"wp-block-heading\">Bonjour tout le monde ! Site en cours de modernisation.<\/h2>\n\n\n\n<p>.<\/p>\n","protected":false},"excerpt":{"rendered":"<p>Bienvenue sur le site de la Fondation A\u00efdara Cherif qui est une structure d&rsquo;aide et de d\u00e9veloppement en Afrique, bas\u00e9e \u00e0 Dakar, S\u00e9n\u00e9gal. Nos projets humanitaires s&rsquo;\u00e9tendent sur plusieurs pays depuis plus de 26 ans. Bonjour tout le monde ! &hellip; <a href=\"https:\/\/fondationaidaracherif.org\/?p=1\">Continuer la lecture <span class=\"meta-nav\">&rarr;<\/span><\/a><\/p>\n","protected":false},"author":1,"featured_media":0,"comment_status":"closed","ping_status":"closed","sticky":false,"template":"","format":"standard","meta":{"footnotes":""},"categories":[2],"tags":[],"class_list":["post-1","post","type-post","status-publish","format-standard","hentry","category-buts-de-la-fondation-aidara-cherif"],"_links":{"self":[{"href":"https:\/\/fondationaidaracherif.org\/index.php?rest_route=\/wp\/v2\/posts\/1","targetHints":{"allow":["GET"]}}],"collection":[{"href":"https:\/\/fondationaidaracherif.org\/index.php?rest_route=\/wp\/v2\/posts"}],"about":[{"href":"https:\/\/fondationaidaracherif.org\/index.php?rest_route=\/wp\/v2\/types\/post"}],"author":[{"embeddable":true,"href":"https:\/\/fondationaidaracherif.org\/index.php?rest_route=\/wp\/v2\/users\/1"}],"replies":[{"embeddable":true,"href":"https:\/\/fondationaidaracherif.org\/index.php?rest_route=%2Fwp%2Fv2%2Fcomments&post=1"}],"version-history":[{"count":5,"href":"https:\/\/fondationaidaracherif.org\/index.php?rest_route=\/wp\/v2\/posts\/1\/revisions"}],"predecessor-version":[{"id":33,"href":"https:\/\/fondationaidaracherif.org\/index.php?rest_route=\/wp\/v2\/posts\/1\/revisions\/33"}],"wp:attachment":[{"href":"https:\/\/fondationaidaracherif.org\/index.php?rest_route=%2Fwp%2Fv2%2Fmedia&parent=1"}],"wp:term":[{"taxonomy":"category","embeddable":true,"href":"https:\/\/fondationaidaracherif.org\/index.php?rest_route=%2Fwp%2Fv2%2Fcategories&post=1"},{"taxonomy":"post_tag","embeddable":true,"href":"https:\/\/fondationaidaracherif.org\/index.php?rest_route=%2Fwp%2Fv2%2Ftags&post=1"}],"curies":[{"name":"wp","href":"https:\/\/api.w.org\/{rel}","templated":true}]}}