{"id":204,"date":"2024-07-14T05:33:58","date_gmt":"2024-07-14T03:33:58","guid":{"rendered":"https:\/\/fondationaidaracherif.org\/?p=204"},"modified":"2024-07-14T05:33:58","modified_gmt":"2024-07-14T03:33:58","slug":"voeux-du-president-de-la-fondation-pour-lannee-2018","status":"publish","type":"post","link":"https:\/\/fondationaidaracherif.org\/?p=204","title":{"rendered":"V\u0153ux du Pr\u00e9sident de la Fondation pour l\u2019ann\u00e9e 2018"},"content":{"rendered":"\n<p>lundi 1 janvier 2018.<\/p>\n\n\n\n<p><strong>2018&nbsp;: une ann\u00e9e charg\u00e9e d\u2019esp\u00e9rance (malgr\u00e9 tout)&nbsp;!<\/strong><\/p>\n\n\n\n<p>Nous voici de nouveau au seuil d\u2019une nouvelle ann\u00e9e et c\u2019est le moment traditionnellement appropri\u00e9 pour \u00e9voquer les soucis que l\u2019on partage, nous en partageons malheureusement beaucoup, et, surtout, les esp\u00e9rances que l\u2019on entretient, dans le c\u0153ur et l\u2019esprit.<\/p>\n\n\n\n<p>Malgr\u00e9 une poign\u00e9e d\u2019individus puissants, cupides et insatiables qui poursuivent leur travail de destruction de la vie commune et des soci\u00e9t\u00e9s humaines en fomentant des conflits arm\u00e9s un peu partout dans le monde dans le but de d\u00e9pouiller les peuples des ressources naturelles, qui constituent pourtant le bien commun, \u00e0 leur profit, il existe des signes qui nous donnent des raisons d\u2019esp\u00e9rer. Dans tous les pays, des femmes et des hommes courageux continuent \u00e0 \u0153uvrer contre vents et mar\u00e9es, pratiquement et spirituellement, pour qu\u2019advienne enfin la paix \u00e0 laquelle aspire le plus grand nombre d\u2019\u00eatres humains.<\/p>\n\n\n\n<p>Malgr\u00e9 la poursuite de l\u2019exploitation pr\u00e9datrice des terres et des mers et leurs cons\u00e9quences sur les hommes, les animaux et la nature, des initiatives positives pour sauver la plan\u00e8te et ses habitants fleurissent sur tous les continents. Agriculture biologique, consommation relocalis\u00e9e, r\u00e9seaux coop\u00e9ratifs d\u2019\u00e9nergies vertes, \u00e9cologements pour les plus d\u00e9munis, centres de sant\u00e9 autog\u00e9r\u00e9s, etc., la soci\u00e9t\u00e9 civile, \u00e9chaud\u00e9e par les cons\u00e9quences d\u00e9sastreuses des politiques men\u00e9es par les \u00e9lites politico-financi\u00e8res, se mobilise pour am\u00e9liorer notre r\u00e9alit\u00e9 collective.<\/p>\n\n\n\n<p>Et malgr\u00e9 l\u2019hostilit\u00e9 de plus en plus d\u00e9complex\u00e9e qui se manifeste contre les sans-logis et les \u00e9trangers, et pire encore, malgr\u00e9 les terribles r\u00e9gressions de l\u2019histoire en mati\u00e8re de traite d\u2019\u00eatres humains, dans certains pays chaotiques, des individus, associations, fondations, dans chaque pays, d\u2019une part, mettent toute leur \u00e9nergie pour rappeler, par leurs actions, qu\u2019il existe une \u00ab&nbsp;dignit\u00e9 inh\u00e9rente \u00e0 tous les membres de la famille humaine&nbsp;\u00bb et que celle-ci fut act\u00e9e universellement il y a tout juste 70 ans, et, d\u2019autre part, continuent le combat pour \u00e9radiquer la grande pauvret\u00e9 o\u00f9 qu\u2019elle soit.<\/p>\n\n\n\n<p>Pour toutes ces raisons, il faut continuer d\u2019agir en \u00e9tant convaincu qu\u2019il est possible de se changer soi-m\u00eame et, ce faisant, de changer le monde.<\/p>\n\n\n\n<p>On peut toujours faire quelque chose et on peut faire mieux.<\/p>\n\n\n\n<p>C\u2019est pourquoi, je forme le v\u0153u que chacun en 2018 ait la volont\u00e9 d\u2019agir pour am\u00e9liorer sa vie et celle des autres, l\u2019essentiel \u00e9tant que l\u2019on ait toujours la certitude d\u2019avoir bien fait.<\/p>\n\n\n\n<p><strong>Continuons \u00e0 \u0153uvrer pour que le monde soit plus juste&nbsp;!<\/strong><\/p>\n\n\n\n<p>Ayez foi en vous-m\u00eames, en l\u2019\u00eatre humain et en la vie&nbsp;!<\/p>\n\n\n\n<p>Yancouba A\u00cfDARA<\/p>\n\n\n\n<p>\u00a0\u00bb\u00a0ce que la nature ne peut souffrir, c\u2019est que nous augmentions notre fortune, nos ressources, notre richesse avec les d\u00e9pouilles des autres\u00a0\u00bb Cic\u00e9ron (106-43 av. J.C.) \u00ab\u00a0<\/p>\n","protected":false},"excerpt":{"rendered":"<p>lundi 1 janvier 2018. 2018&nbsp;: une ann\u00e9e charg\u00e9e d\u2019esp\u00e9rance (malgr\u00e9 tout)&nbsp;! Nous voici de nouveau au seuil d\u2019une nouvelle ann\u00e9e et c\u2019est le moment traditionnellement appropri\u00e9 pour \u00e9voquer les soucis que l\u2019on partage, nous en partageons malheureusement beaucoup, et, surtout, &hellip; <a href=\"https:\/\/fondationaidaracherif.org\/?p=204\">Continuer la lecture <span class=\"meta-nav\">&rarr;<\/span><\/a><\/p>\n","protected":false},"author":1,"featured_media":0,"comment_status":"closed","ping_status":"","sticky":false,"template":"","format":"standard","meta":{"footnotes":""},"categories":[2],"tags":[],"class_list":["post-204","post","type-post","status-publish","format-standard","hentry","category-buts-de-la-fondation-aidara-cherif"],"_links":{"self":[{"href":"https:\/\/fondationaidaracherif.org\/index.php?rest_route=\/wp\/v2\/posts\/204","targetHints":{"allow":["GET"]}}],"collection":[{"href":"https:\/\/fondationaidaracherif.org\/index.php?rest_route=\/wp\/v2\/posts"}],"about":[{"href":"https:\/\/fondationaidaracherif.org\/index.php?rest_route=\/wp\/v2\/types\/post"}],"author":[{"embeddable":true,"href":"https:\/\/fondationaidaracherif.org\/index.php?rest_route=\/wp\/v2\/users\/1"}],"replies":[{"embeddable":true,"href":"https:\/\/fondationaidaracherif.org\/index.php?rest_route=%2Fwp%2Fv2%2Fcomments&post=204"}],"version-history":[{"count":1,"href":"https:\/\/fondationaidaracherif.org\/index.php?rest_route=\/wp\/v2\/posts\/204\/revisions"}],"predecessor-version":[{"id":205,"href":"https:\/\/fondationaidaracherif.org\/index.php?rest_route=\/wp\/v2\/posts\/204\/revisions\/205"}],"wp:attachment":[{"href":"https:\/\/fondationaidaracherif.org\/index.php?rest_route=%2Fwp%2Fv2%2Fmedia&parent=204"}],"wp:term":[{"taxonomy":"category","embeddable":true,"href":"https:\/\/fondationaidaracherif.org\/index.php?rest_route=%2Fwp%2Fv2%2Fcategories&post=204"},{"taxonomy":"post_tag","embeddable":true,"href":"https:\/\/fondationaidaracherif.org\/index.php?rest_route=%2Fwp%2Fv2%2Ftags&post=204"}],"curies":[{"name":"wp","href":"https:\/\/api.w.org\/{rel}","templated":true}]}}