{"id":206,"date":"2024-07-14T05:35:41","date_gmt":"2024-07-14T03:35:41","guid":{"rendered":"https:\/\/fondationaidaracherif.org\/?p=206"},"modified":"2024-07-14T05:35:41","modified_gmt":"2024-07-14T03:35:41","slug":"choisir-les-mots-justes-bonne-annee-2019","status":"publish","type":"post","link":"https:\/\/fondationaidaracherif.org\/?p=206","title":{"rendered":"CHoisir les mots justes &#8211; Bonne ann\u00e9e 2019"},"content":{"rendered":"\n<p>lundi 7 janvier 2019.<\/p>\n\n\n\n<h2 class=\"wp-block-heading\"><strong>Attention \u00e0 l&#8217;emploi et au pouvoir des mots<\/strong><\/h2>\n\n\n\n<p><strong>Les mots sont des bombes \u00e0 retardement. Ils sont multiples de sens et presque toujours \u00e9quivoques.<\/strong><br>Ainsi chaque interlocuteur entend diff\u00e9remment ce qui lui est communiqu\u00e9. En fonction de ce que sont les individus, de ce qu\u2019ils vivent, de ce qu\u2019ils ont d\u00e9j\u00e0 v\u00e9cu et des circonstances ext\u00e9rieures, les m\u00eames paroles seront interpr\u00e9t\u00e9es de mani\u00e8re positive ou n\u00e9gative. Lorsqu\u2019on se tourne vers le sens positif, il y a de grandes chances que le message v\u00e9hicul\u00e9 se diffuse partout dans le monde avant de revenir, charg\u00e9 des bienfaits qu\u2019il aura apport\u00e9 \u00e0 un grand nombre d\u2019individus, vers celui qui en est \u00e0 l\u2019origine.<br><br>Parall\u00e8lement, les interpr\u00e9tations n\u00e9gatives porteuses de malfaisance se propagent \u00e0 une vitesse ph\u00e9nom\u00e9nale, surtout \u00e0 l\u2019heure des r\u00e9seaux sociaux. En fait, les mots vont plus vite que les balles de fusils pour abattre les gens. Si le monde va si mal, c\u2019est aussi parce que nous analysons le sens des mots de mani\u00e8re n\u00e9gative comme si nous \u00e9tions in\u00e9luctablement attir\u00e9s vers le pire.<br>A l\u2019heure o\u00f9 l\u2019on parle d\u2019homme augment\u00e9, au sens d\u2019am\u00e9liorer l\u2019\u00eatre humain par les technologies pour accro\u00eetre ses possibilit\u00e9s, je dirais que pour le moment la seule am\u00e9lioration qui vaille, pour nous-m\u00eames et le monde, et aussi la seule r\u00e9ellement efficace, est de fa\u00e7onner nos esprits dans un sens positif.<br><\/p>\n\n\n\n<h2 class=\"wp-block-heading\"><strong>On peut tirer une nation enti\u00e8re vers le bas par la seule force des mots<\/strong> s\u2019ils racontent sans cesse la peur, la tristesse, la haine et le malheur.<\/h2>\n\n\n\n<p>Les dirigeants, quel que soit leur domaine de comp\u00e9tence, associatifs, syndicalistes, politiques, ont une grande responsabilit\u00e9 car ils ont le devoir de guider vers le mieux ceux dont ils ont la charge.<\/p>\n\n\n\n<p><strong>Les hauts responsables ont l\u2019obligation morale d\u2019\u00e9pargner le plus possible \u00e0 leurs peuples les souffrances et de les sauver des griffes des hommes et des appareils qui les m\u00e8nent, sans aucun scrupule, vers le pire.<\/strong><br>Or, il est toujours plus facile de conduire les peuples vers la destruction. Il suffit de n\u2019\u00e9couter personne, de faire taire la multitude et de tenir un discours de violence et de haine. Les responsables, en choisissant consciencieusement leurs paroles, doivent faire germer en chacun les graines d\u2019une vision constructive du monde. Il serait en revanche suicidaire pour eux-m\u00eames de faire germer celles de la haine et ce, d\u2019autant plus, que celles-ci se r\u00e9pandent plus vite que les premi\u00e8res. Ceux et celles qui exercent des responsabilit\u00e9s aupr\u00e8s d\u2019un groupe, que ce soit une famille, une classe, une entreprise, un pays, tous ceux dont la parole est le royaume, comme dirait un grand philosophe, ont le pouvoir et le devoir d\u2019emmener leurs auditeurs vers la construction d\u2019un monde meilleur.<br><br><strong>Les \u00ab&nbsp;chefs&nbsp;\u00bb doivent apporter la lumi\u00e8re aux groupes qu\u2019ils dirigent.<\/strong> Ceux qui inspirent seulement la crainte seront malheureux dans leur famille, leur entreprise, leur minist\u00e8re, leur palais, etc. <strong>La peur n\u2019est jamais un bon outil pour conduire un groupe<\/strong>, un peuple. Car quand seule la peur guide l\u2019action, rien de positif ne pourra advenir parce que rien, dans ce cas, n\u2019est entrepris de bonne foi.<br>A contrario, ceux qui travaillent par amour ont la possibilit\u00e9 d\u2019ouvrir de nouveaux horizons et de transformer le monde.<br><br><strong>Bien s\u00fbr, l\u2019autoritaire triomphe en apparence mais pour un temps donn\u00e9 et \u00e0 quel prix&nbsp;?<\/strong> Les d\u00e9g\u00e2ts sont irr\u00e9versibles, il y parfois des morts et des bless\u00e9s, et les victoires sont tristes. Les succ\u00e8s de la force laissent des s\u00e9quelles durant de longues ann\u00e9es. Ce que l\u2019on perd dans les conflits, quel que soit son camp, ne se rattrape pas. C\u2019est pourquoi, le chef magnanime est celui qui trouve toujours les mots justes pour \u00e9viter les conflits.<br><\/p>\n\n\n\n<h2 class=\"wp-block-heading\"><strong>Un bon dirigeant<\/strong><\/h2>\n\n\n\n<p><br>Un bon dirigeant est celui qui inspire des phrases comme \u00ab&nbsp;Comment ferait-on sans lui&nbsp;!&nbsp;\u00bb car, lorsqu\u2019il se murmure derri\u00e8re son dos \u00ab&nbsp;Attention, il arrive&nbsp;!&nbsp;\u00bb ou pire \u00ab&nbsp;qu\u2019il s\u2019en aille&nbsp;!&nbsp;\u00bb, c\u2019est, en effet, qu\u2019il n\u2019est pas loin de la sortie, voire de la chute. Le langage c\u2019est comme la cuisine, les m\u00eames ingr\u00e9dients ne produisent pas le m\u00eame r\u00e9sultat. Les m\u00eames mots peuvent \u00eatre interpr\u00e9t\u00e9s diff\u00e9remment selon les circonstances.<\/p>\n\n\n\n<p>Il faut donc que les uns s\u2019engagent avec sinc\u00e9rit\u00e9 lorsqu\u2019ils prennent la parole (car il arrive que les mots disent une chose mais que le c\u0153ur en dise une autre) et que les autres, ceux qui analysent et commentent le fassent dans la perspective de contribuer \u00e0 am\u00e9liorer les choses afin de faire en sorte qu\u2019ensemble ils conduisent le maximum de personnes vers une vision constructive de l\u2019existence.<br><\/p>\n\n\n\n<h2 class=\"wp-block-heading\"><strong>Aujourd\u2019hui plus que jamais il y a une soif de justice et de fraternit\u00e9.<\/strong> Or, c\u2019est l\u2019esprit de partage, de solidarit\u00e9 qui rend heureux, qui satisfait l\u2019esprit.<\/h2>\n\n\n\n<p><br>Il est urgent de sortir de cette propension malheureuse qui pousse certains \u00e0 avoir toujours plus quand dans le m\u00eame temps, parfois sous leurs yeux, leurs concitoyens manquent de tout. Au fond, pour \u00eatre heureux, individuellement et ensemble, il suffirait de rendre dix personnes heureuses. Manger ses hu\u00eetres et son caviar seul ne procure pas la m\u00eame joie que si on les partage. Il est vrai qu\u2019il n\u2019est pas facile de donner mais le partage n\u2019est pas uniquement mat\u00e9riel. On peut partager des id\u00e9es, des valeurs, partager des instants de paix, de joie. Il faut, dans tous les cas, partager le meilleur de nous-m\u00eame et mettre de c\u00f4t\u00e9 ce que nous avons de pire&nbsp;: la haine, l\u2019envie, la jalousie. Et il faut s\u2019appliquer \u00e0 \u00e9radiquer ce qui est mauvais en nous-m\u00eame.<\/p>\n\n\n\n<h2 class=\"wp-block-heading\"><strong>Le dialogue est un besoin et une n\u00e9cessit\u00e9<\/strong><\/h2>\n\n\n\n<p><br>mais le choix des mots a des cons\u00e9quences et peut engendrer le meilleur comme le pire.<br>Il incombe \u00e0 chacun de parler et d\u2019\u00e9crire pour apaiser, non pour dominer, humilier ou semer la discorde mais pour b\u00e2tir un monde \u00e9thique o\u00f9 chacun sera reconnu comme un individu \u00e9minemment respectable, simplement parce qu\u2019humain.<\/p>\n\n\n\n<p>Je souhaite qu\u2019en 2019, tous, en particulier les responsables, puissent trouver les mots justes pour amorcer le dialogue, apaiser les col\u00e8res et permettre \u00e0 chacun de retrouver une \u00e9nergie constructive. Bonne ann\u00e9e 2019 \u00e0 tous&nbsp;!<\/p>\n\n\n\n<p>Yancouba A\u00cfDARA Pr\u00e9sident de la Fondation A\u00cfDARA Ch\u00e9rif (FAC)<\/p>\n","protected":false},"excerpt":{"rendered":"<p>lundi 7 janvier 2019. Attention \u00e0 l&#8217;emploi et au pouvoir des mots Les mots sont des bombes \u00e0 retardement. Ils sont multiples de sens et presque toujours \u00e9quivoques.Ainsi chaque interlocuteur entend diff\u00e9remment ce qui lui est communiqu\u00e9. En fonction de &hellip; <a href=\"https:\/\/fondationaidaracherif.org\/?p=206\">Continuer la lecture <span class=\"meta-nav\">&rarr;<\/span><\/a><\/p>\n","protected":false},"author":1,"featured_media":0,"comment_status":"closed","ping_status":"","sticky":false,"template":"","format":"standard","meta":{"footnotes":""},"categories":[2],"tags":[],"class_list":["post-206","post","type-post","status-publish","format-standard","hentry","category-buts-de-la-fondation-aidara-cherif"],"_links":{"self":[{"href":"https:\/\/fondationaidaracherif.org\/index.php?rest_route=\/wp\/v2\/posts\/206","targetHints":{"allow":["GET"]}}],"collection":[{"href":"https:\/\/fondationaidaracherif.org\/index.php?rest_route=\/wp\/v2\/posts"}],"about":[{"href":"https:\/\/fondationaidaracherif.org\/index.php?rest_route=\/wp\/v2\/types\/post"}],"author":[{"embeddable":true,"href":"https:\/\/fondationaidaracherif.org\/index.php?rest_route=\/wp\/v2\/users\/1"}],"replies":[{"embeddable":true,"href":"https:\/\/fondationaidaracherif.org\/index.php?rest_route=%2Fwp%2Fv2%2Fcomments&post=206"}],"version-history":[{"count":1,"href":"https:\/\/fondationaidaracherif.org\/index.php?rest_route=\/wp\/v2\/posts\/206\/revisions"}],"predecessor-version":[{"id":207,"href":"https:\/\/fondationaidaracherif.org\/index.php?rest_route=\/wp\/v2\/posts\/206\/revisions\/207"}],"wp:attachment":[{"href":"https:\/\/fondationaidaracherif.org\/index.php?rest_route=%2Fwp%2Fv2%2Fmedia&parent=206"}],"wp:term":[{"taxonomy":"category","embeddable":true,"href":"https:\/\/fondationaidaracherif.org\/index.php?rest_route=%2Fwp%2Fv2%2Fcategories&post=206"},{"taxonomy":"post_tag","embeddable":true,"href":"https:\/\/fondationaidaracherif.org\/index.php?rest_route=%2Fwp%2Fv2%2Ftags&post=206"}],"curies":[{"name":"wp","href":"https:\/\/api.w.org\/{rel}","templated":true}]}}